{"id":4216,"date":"2012-08-28T19:03:11","date_gmt":"2012-08-28T18:03:11","guid":{"rendered":"http:\/\/www.frankbauer.net\/blog\/?p=4216"},"modified":"2012-09-08T11:03:14","modified_gmt":"2012-09-08T10:03:14","slug":"aufbau-eines-reiserads-surly-long-haul-trucker","status":"publish","type":"post","link":"https:\/\/www.frankbauer.net\/blog\/2012\/08\/28\/aufbau-eines-reiserads-surly-long-haul-trucker\/","title":{"rendered":"Aufbau eines Reiserads &#8211; Surly Long Haul Trucker"},"content":{"rendered":"<p>Zum schnellen Radfahren eignet sich <a title=\"Mein Triathlon-Rad\" href=\"https:\/\/www.frankbauer.net\/blog\/2010\/08\/22\/mein-triathlon-rad\/\" target=\"_blank\">mein Triathlonrad<\/a> ideal. F\u00fcr gem\u00fctliche Ausfahrten mit Familie, Freunden und Babyanh\u00e4nger ist es aber eher nicht geeignet. <a title=\"Mein Mountain-Bike\" href=\"https:\/\/www.frankbauer.net\/blog\/2010\/08\/25\/mein-mountain-bike\/\" target=\"_blank\">Mein Mountainbike<\/a> hat sich daf\u00fcr ebenfalls als nicht geeignet herausgestellt (fehlende Montagem\u00f6glichkeit f\u00fcr Gep\u00e4cktr\u00e4ger, Schutzbleche, Beleuchtung, etc.), sodass ich es verkauft habe. Nach langer \u00dcberlegung, welcher Rad-Typ meine Anforderungen am besten erf\u00fcllt, habe ich mich f\u00fcr den Aufbau eines Reiserads, eines sogenannten &#8220;Randonneur&#8221;, entschieden. Es handelt sich dabei letzten Endes um einen klassischen Stahlrahmen mit einer starren Gabel und einem Rennradlenker. F\u00fcr l\u00e4ngere Radtouren ist das ein guter Kompromiss aus Komfort und Energieeffizienz.<\/p>\n<p>Nach ebenfalls l\u00e4nglicher \u00dcberlegung, welche Teile ich mir nun exakt bestelle, habe ich bei <a href=\"http:\/\/www.bike-components.de\" target=\"_blank\">www.bike-components.de<\/a> eine umfangreiche Bestellung aufgegeben. Diese Teile werden mein neues Rad ergeben:<\/p>\n<p><a href=\"https:\/\/www.frankbauer.net\/blog\/wp-content\/uploads\/20120823_Surly-Long-Haul-Trucker_Mein-Reiserad_001.jpg\"><img loading=\"lazy\" decoding=\"async\" class=\"alignnone size-large wp-image-4215\" title=\"20120823_Surly-Long-Haul-Trucker_Mein-Reiserad_001\" src=\"https:\/\/www.frankbauer.net\/blog\/wp-content\/uploads\/20120823_Surly-Long-Haul-Trucker_Mein-Reiserad_001-640x386.jpg\" alt=\"\" width=\"640\" height=\"386\" srcset=\"https:\/\/www.frankbauer.net\/blog\/wp-content\/uploads\/20120823_Surly-Long-Haul-Trucker_Mein-Reiserad_001-640x386.jpg 640w, https:\/\/www.frankbauer.net\/blog\/wp-content\/uploads\/20120823_Surly-Long-Haul-Trucker_Mein-Reiserad_001-304x183.jpg 304w\" sizes=\"auto, (max-width: 640px) 100vw, 640px\" \/><\/a><\/p>\n<p>Als erstes galt es, den Rahmen vorzubereiten. Den Steuersatz und die Tretlagerschalen hatte Bike Components schon vormontiert &#8211; f\u00fcr die dazu notwendigen Fr\u00e4sarbeiten habe ich das Werkzeug nicht.<\/p>\n<p><a href=\"https:\/\/www.frankbauer.net\/blog\/wp-content\/uploads\/20120823_Surly-Long-Haul-Trucker_Mein-Reiserad_003.jpg\"><img loading=\"lazy\" decoding=\"async\" class=\"alignnone size-large wp-image-4213\" title=\"20120823_Surly-Long-Haul-Trucker_Mein-Reiserad_003\" src=\"https:\/\/www.frankbauer.net\/blog\/wp-content\/uploads\/20120823_Surly-Long-Haul-Trucker_Mein-Reiserad_003-640x413.jpg\" alt=\"\" width=\"640\" height=\"413\" srcset=\"https:\/\/www.frankbauer.net\/blog\/wp-content\/uploads\/20120823_Surly-Long-Haul-Trucker_Mein-Reiserad_003-640x413.jpg 640w, https:\/\/www.frankbauer.net\/blog\/wp-content\/uploads\/20120823_Surly-Long-Haul-Trucker_Mein-Reiserad_003-304x196.jpg 304w\" sizes=\"auto, (max-width: 640px) 100vw, 640px\" \/><\/a><\/p>\n<p>Das wichtigste zuerst: Die Montage der Bremsen an den daf\u00fcr vorgesehenen Sockeln:<\/p>\n<p><a href=\"https:\/\/www.frankbauer.net\/blog\/wp-content\/uploads\/20120823_Surly-Long-Haul-Trucker_Mein-Reiserad_076.jpg\"><img loading=\"lazy\" decoding=\"async\" class=\"alignnone size-large wp-image-4140\" title=\"20120823_Surly-Long-Haul-Trucker_Mein-Reiserad_076\" src=\"https:\/\/www.frankbauer.net\/blog\/wp-content\/uploads\/20120823_Surly-Long-Haul-Trucker_Mein-Reiserad_076-640x480.jpg\" alt=\"\" width=\"640\" height=\"480\" srcset=\"https:\/\/www.frankbauer.net\/blog\/wp-content\/uploads\/20120823_Surly-Long-Haul-Trucker_Mein-Reiserad_076-640x480.jpg 640w, https:\/\/www.frankbauer.net\/blog\/wp-content\/uploads\/20120823_Surly-Long-Haul-Trucker_Mein-Reiserad_076-304x228.jpg 304w\" sizes=\"auto, (max-width: 640px) 100vw, 640px\" \/><\/a><\/p>\n<p><a href=\"https:\/\/www.frankbauer.net\/blog\/wp-content\/uploads\/20120823_Surly-Long-Haul-Trucker_Mein-Reiserad_077.jpg\"><img loading=\"lazy\" decoding=\"async\" class=\"alignnone size-large wp-image-4139\" title=\"20120823_Surly-Long-Haul-Trucker_Mein-Reiserad_077\" src=\"https:\/\/www.frankbauer.net\/blog\/wp-content\/uploads\/20120823_Surly-Long-Haul-Trucker_Mein-Reiserad_077-640x480.jpg\" alt=\"\" width=\"640\" height=\"480\" srcset=\"https:\/\/www.frankbauer.net\/blog\/wp-content\/uploads\/20120823_Surly-Long-Haul-Trucker_Mein-Reiserad_077-640x480.jpg 640w, https:\/\/www.frankbauer.net\/blog\/wp-content\/uploads\/20120823_Surly-Long-Haul-Trucker_Mein-Reiserad_077-304x228.jpg 304w\" sizes=\"auto, (max-width: 640px) 100vw, 640px\" \/><\/a><\/p>\n<p>Danach die Montage des Gep\u00e4cktr\u00e4gers &#8211; hierf\u00fcr sind vier Innengewinde am Rahmen vorgesehen.<\/p>\n<p><a href=\"https:\/\/www.frankbauer.net\/blog\/wp-content\/uploads\/20120823_Surly-Long-Haul-Trucker_Mein-Reiserad_078.jpg\"><img loading=\"lazy\" decoding=\"async\" class=\"alignnone size-large wp-image-4138\" title=\"20120823_Surly-Long-Haul-Trucker_Mein-Reiserad_078\" src=\"https:\/\/www.frankbauer.net\/blog\/wp-content\/uploads\/20120823_Surly-Long-Haul-Trucker_Mein-Reiserad_078-640x480.jpg\" alt=\"\" width=\"640\" height=\"480\" srcset=\"https:\/\/www.frankbauer.net\/blog\/wp-content\/uploads\/20120823_Surly-Long-Haul-Trucker_Mein-Reiserad_078-640x480.jpg 640w, https:\/\/www.frankbauer.net\/blog\/wp-content\/uploads\/20120823_Surly-Long-Haul-Trucker_Mein-Reiserad_078-304x228.jpg 304w\" sizes=\"auto, (max-width: 640px) 100vw, 640px\" \/><\/a><\/p>\n<p>N\u00e4chster Schritt war die Montage des Umwerfers, der die Kette vorne auf die verschiedenen Kettenbl\u00e4tter hebt.<\/p>\n<p><a href=\"https:\/\/www.frankbauer.net\/blog\/wp-content\/uploads\/20120823_Surly-Long-Haul-Trucker_Mein-Reiserad_082.jpg\"><img loading=\"lazy\" decoding=\"async\" class=\"alignnone size-large wp-image-4134\" title=\"20120823_Surly-Long-Haul-Trucker_Mein-Reiserad_082\" src=\"https:\/\/www.frankbauer.net\/blog\/wp-content\/uploads\/20120823_Surly-Long-Haul-Trucker_Mein-Reiserad_082-640x321.jpg\" alt=\"\" width=\"640\" height=\"321\" srcset=\"https:\/\/www.frankbauer.net\/blog\/wp-content\/uploads\/20120823_Surly-Long-Haul-Trucker_Mein-Reiserad_082-640x321.jpg 640w, https:\/\/www.frankbauer.net\/blog\/wp-content\/uploads\/20120823_Surly-Long-Haul-Trucker_Mein-Reiserad_082-304x152.jpg 304w\" sizes=\"auto, (max-width: 640px) 100vw, 640px\" \/><\/a><\/p>\n<p>Als n\u00e4chstes war die Montage der Kurbel an der Reihe.<\/p>\n<p><a href=\"https:\/\/www.frankbauer.net\/blog\/wp-content\/uploads\/20120823_Surly-Long-Haul-Trucker_Mein-Reiserad_079.jpg\"><img loading=\"lazy\" decoding=\"async\" class=\"alignnone size-large wp-image-4137\" title=\"20120823_Surly-Long-Haul-Trucker_Mein-Reiserad_079\" src=\"https:\/\/www.frankbauer.net\/blog\/wp-content\/uploads\/20120823_Surly-Long-Haul-Trucker_Mein-Reiserad_079-640x480.jpg\" alt=\"\" width=\"640\" height=\"480\" srcset=\"https:\/\/www.frankbauer.net\/blog\/wp-content\/uploads\/20120823_Surly-Long-Haul-Trucker_Mein-Reiserad_079-640x480.jpg 640w, https:\/\/www.frankbauer.net\/blog\/wp-content\/uploads\/20120823_Surly-Long-Haul-Trucker_Mein-Reiserad_079-304x228.jpg 304w\" sizes=\"auto, (max-width: 640px) 100vw, 640px\" \/><\/a><\/p>\n<p><a href=\"https:\/\/www.frankbauer.net\/blog\/wp-content\/uploads\/20120823_Surly-Long-Haul-Trucker_Mein-Reiserad_080.jpg\"><img loading=\"lazy\" decoding=\"async\" class=\"alignright size-medium wp-image-4136\" title=\"20120823_Surly-Long-Haul-Trucker_Mein-Reiserad_080\" src=\"https:\/\/www.frankbauer.net\/blog\/wp-content\/uploads\/20120823_Surly-Long-Haul-Trucker_Mein-Reiserad_080-304x405.jpg\" alt=\"\" width=\"304\" height=\"405\" srcset=\"https:\/\/www.frankbauer.net\/blog\/wp-content\/uploads\/20120823_Surly-Long-Haul-Trucker_Mein-Reiserad_080-304x405.jpg 304w, https:\/\/www.frankbauer.net\/blog\/wp-content\/uploads\/20120823_Surly-Long-Haul-Trucker_Mein-Reiserad_080-640x853.jpg 640w\" sizes=\"auto, (max-width: 304px) 100vw, 304px\" \/><\/a>Leider hatte Bike Components die falschen Lagerschalen montiert, sodass ich zun\u00e4chst die montierten Lagerschalen aus- und die richtigen Lagerschalen einbauen musste.<\/p>\n<div style=\"clear: both;\">Nach Abschluss dieses Schritts sah das Rad so aus:<\/div>\n<p><a href=\"https:\/\/www.frankbauer.net\/blog\/wp-content\/uploads\/20120823_Surly-Long-Haul-Trucker_Mein-Reiserad_083.jpg\"><img loading=\"lazy\" decoding=\"async\" class=\"alignnone size-large wp-image-4133\" title=\"20120823_Surly-Long-Haul-Trucker_Mein-Reiserad_083\" src=\"https:\/\/www.frankbauer.net\/blog\/wp-content\/uploads\/20120823_Surly-Long-Haul-Trucker_Mein-Reiserad_083-640x349.jpg\" alt=\"\" width=\"640\" height=\"349\" srcset=\"https:\/\/www.frankbauer.net\/blog\/wp-content\/uploads\/20120823_Surly-Long-Haul-Trucker_Mein-Reiserad_083-640x349.jpg 640w, https:\/\/www.frankbauer.net\/blog\/wp-content\/uploads\/20120823_Surly-Long-Haul-Trucker_Mein-Reiserad_083-304x166.jpg 304w\" sizes=\"auto, (max-width: 640px) 100vw, 640px\" \/><\/a><\/p>\n<p>Nun galt es, den Lenker vorzubereiten. Als erstes habe ich die Bremsgriffe montiert.<\/p>\n<p><a href=\"https:\/\/www.frankbauer.net\/blog\/wp-content\/uploads\/20120823_Surly-Long-Haul-Trucker_Mein-Reiserad_085.jpg\"><img loading=\"lazy\" decoding=\"async\" class=\"alignnone size-large wp-image-4131\" title=\"20120823_Surly-Long-Haul-Trucker_Mein-Reiserad_085\" src=\"https:\/\/www.frankbauer.net\/blog\/wp-content\/uploads\/20120823_Surly-Long-Haul-Trucker_Mein-Reiserad_085-640x386.jpg\" alt=\"\" width=\"640\" height=\"386\" srcset=\"https:\/\/www.frankbauer.net\/blog\/wp-content\/uploads\/20120823_Surly-Long-Haul-Trucker_Mein-Reiserad_085-640x386.jpg 640w, https:\/\/www.frankbauer.net\/blog\/wp-content\/uploads\/20120823_Surly-Long-Haul-Trucker_Mein-Reiserad_085-304x183.jpg 304w\" sizes=\"auto, (max-width: 640px) 100vw, 640px\" \/><\/a><\/p>\n<p>Danach waren die Schalthebel an der Reihe.<\/p>\n<p><a href=\"https:\/\/www.frankbauer.net\/blog\/wp-content\/uploads\/20120823_Surly-Long-Haul-Trucker_Mein-Reiserad_087.jpg\"><img loading=\"lazy\" decoding=\"async\" class=\"alignnone size-large wp-image-4129\" title=\"20120823_Surly-Long-Haul-Trucker_Mein-Reiserad_087\" src=\"https:\/\/www.frankbauer.net\/blog\/wp-content\/uploads\/20120823_Surly-Long-Haul-Trucker_Mein-Reiserad_087-640x407.jpg\" alt=\"\" width=\"640\" height=\"407\" srcset=\"https:\/\/www.frankbauer.net\/blog\/wp-content\/uploads\/20120823_Surly-Long-Haul-Trucker_Mein-Reiserad_087-640x407.jpg 640w, https:\/\/www.frankbauer.net\/blog\/wp-content\/uploads\/20120823_Surly-Long-Haul-Trucker_Mein-Reiserad_087-304x193.jpg 304w\" sizes=\"auto, (max-width: 640px) 100vw, 640px\" \/><\/a><\/p>\n<p>Hier der fertige Lenker. Die Brems- und Schaltz\u00fcge sind verlegt und mit Griffband umwickelt. Das ganze ist mit dem Vorbau am Gabelschaft montiert.<\/p>\n<p><a href=\"https:\/\/www.frankbauer.net\/blog\/wp-content\/uploads\/20120823_Surly-Long-Haul-Trucker_Mein-Reiserad_089.jpg\"><img loading=\"lazy\" decoding=\"async\" class=\"alignnone size-large wp-image-4127\" title=\"20120823_Surly-Long-Haul-Trucker_Mein-Reiserad_089\" src=\"https:\/\/www.frankbauer.net\/blog\/wp-content\/uploads\/20120823_Surly-Long-Haul-Trucker_Mein-Reiserad_089-640x480.jpg\" alt=\"\" width=\"640\" height=\"480\" srcset=\"https:\/\/www.frankbauer.net\/blog\/wp-content\/uploads\/20120823_Surly-Long-Haul-Trucker_Mein-Reiserad_089-640x480.jpg 640w, https:\/\/www.frankbauer.net\/blog\/wp-content\/uploads\/20120823_Surly-Long-Haul-Trucker_Mein-Reiserad_089-304x228.jpg 304w\" sizes=\"auto, (max-width: 640px) 100vw, 640px\" \/><\/a><\/p>\n<p>Das schon fast fertige Rad auf meinem &#8220;Profi-Montagest\u00e4nder&#8221;. Sattel und Sattelst\u00fctze sind festgeschraubt, die Taschen probehalber geklemmt und auch Schutzbleche sowie Beleuchtung sind schon dran &#8211; es fehlen nur noch die Laufr\u00e4der.<\/p>\n<p><a href=\"https:\/\/www.frankbauer.net\/blog\/wp-content\/uploads\/20120823_Surly-Long-Haul-Trucker_Mein-Reiserad_092.jpg\"><img loading=\"lazy\" decoding=\"async\" class=\"alignnone size-large wp-image-4124\" title=\"20120823_Surly-Long-Haul-Trucker_Mein-Reiserad_092\" src=\"https:\/\/www.frankbauer.net\/blog\/wp-content\/uploads\/20120823_Surly-Long-Haul-Trucker_Mein-Reiserad_092-640x510.jpg\" alt=\"\" width=\"640\" height=\"510\" srcset=\"https:\/\/www.frankbauer.net\/blog\/wp-content\/uploads\/20120823_Surly-Long-Haul-Trucker_Mein-Reiserad_092-640x510.jpg 640w, https:\/\/www.frankbauer.net\/blog\/wp-content\/uploads\/20120823_Surly-Long-Haul-Trucker_Mein-Reiserad_092-304x242.jpg 304w\" sizes=\"auto, (max-width: 640px) 100vw, 640px\" \/><\/a><\/p>\n<p>Diese kamen mit einer weiteren Lieferung kurz vor Urlaubsbeginn. Hier schon mit fertig aufgezogenen Reifen.<\/p>\n<p><a href=\"https:\/\/www.frankbauer.net\/blog\/wp-content\/uploads\/20120823_Surly-Long-Haul-Trucker_Mein-Reiserad_094.jpg\"><img loading=\"lazy\" decoding=\"async\" class=\"alignnone size-large wp-image-4122\" title=\"20120823_Surly-Long-Haul-Trucker_Mein-Reiserad_094\" src=\"https:\/\/www.frankbauer.net\/blog\/wp-content\/uploads\/20120823_Surly-Long-Haul-Trucker_Mein-Reiserad_094-640x637.jpg\" alt=\"\" width=\"640\" height=\"637\" srcset=\"https:\/\/www.frankbauer.net\/blog\/wp-content\/uploads\/20120823_Surly-Long-Haul-Trucker_Mein-Reiserad_094-640x637.jpg 640w, https:\/\/www.frankbauer.net\/blog\/wp-content\/uploads\/20120823_Surly-Long-Haul-Trucker_Mein-Reiserad_094-140x140.jpg 140w, https:\/\/www.frankbauer.net\/blog\/wp-content\/uploads\/20120823_Surly-Long-Haul-Trucker_Mein-Reiserad_094-304x302.jpg 304w\" sizes=\"auto, (max-width: 640px) 100vw, 640px\" \/><\/a><\/p>\n<p>Das schon fast fertige Rad &#8211; nur noch zwei Dinge stehen aus: 1. Die Verlegung der Kabel f\u00fcr Vorder- und R\u00fccklicht und 2. die K\u00fcrzung des Gabelschafts.<\/p>\n<p><a href=\"https:\/\/www.frankbauer.net\/blog\/wp-content\/uploads\/20120823_Surly-Long-Haul-Trucker_Mein-Reiserad_096.jpg\"><img loading=\"lazy\" decoding=\"async\" class=\"alignnone size-large wp-image-4120\" title=\"20120823_Surly-Long-Haul-Trucker_Mein-Reiserad_096\" src=\"https:\/\/www.frankbauer.net\/blog\/wp-content\/uploads\/20120823_Surly-Long-Haul-Trucker_Mein-Reiserad_096-640x517.jpg\" alt=\"\" width=\"640\" height=\"517\" srcset=\"https:\/\/www.frankbauer.net\/blog\/wp-content\/uploads\/20120823_Surly-Long-Haul-Trucker_Mein-Reiserad_096-640x517.jpg 640w, https:\/\/www.frankbauer.net\/blog\/wp-content\/uploads\/20120823_Surly-Long-Haul-Trucker_Mein-Reiserad_096-304x245.jpg 304w\" sizes=\"auto, (max-width: 640px) 100vw, 640px\" \/><\/a><\/p>\n<p><a href=\"https:\/\/www.frankbauer.net\/blog\/wp-content\/uploads\/20120823_Surly-Long-Haul-Trucker_Mein-Reiserad_098.jpg\"><img loading=\"lazy\" decoding=\"async\" class=\"alignleft size-medium wp-image-4118\" title=\"20120823_Surly-Long-Haul-Trucker_Mein-Reiserad_098\" src=\"https:\/\/www.frankbauer.net\/blog\/wp-content\/uploads\/20120823_Surly-Long-Haul-Trucker_Mein-Reiserad_098-304x405.jpg\" alt=\"\" width=\"304\" height=\"405\" srcset=\"https:\/\/www.frankbauer.net\/blog\/wp-content\/uploads\/20120823_Surly-Long-Haul-Trucker_Mein-Reiserad_098-304x405.jpg 304w, https:\/\/www.frankbauer.net\/blog\/wp-content\/uploads\/20120823_Surly-Long-Haul-Trucker_Mein-Reiserad_098-640x853.jpg 640w\" sizes=\"auto, (max-width: 304px) 100vw, 304px\" \/><\/a>Die Verlegung der Kabel war durchaus etwas fieselig, da ich das Kabel von Nabendynamo zu Vorderlicht nicht einfach mit Kabelbindern von au\u00dfen montieren wollte, sondern im Inneren des rechten Gabelbeins nach oben ziehen wollte. Das habe ich in mehreren Schritten geschafft:<\/p>\n<ol>\n<li>Durchschieben eines Schaltzuges von Gabelschaft zu Ausfallende<\/li>\n<li>\u00dcberst\u00fclpen eines Bremszug-Liners von Ausfallende zu Gabelschaft<\/li>\n<li>Herausziehen des Schaltzuges<\/li>\n<li>Durchschieben einer Litze durch den Bremszug-Liner von Ausfallende zu Gabelschaft<\/li>\n<li>Herausziehen des Bremszug-Liners<\/li>\n<li>Festl\u00f6ten des eigentlichen Kabels an der Litze<\/li>\n<li>Durchziehen des eigentlichen Kabels von Gabelschaft zu Ausfallende.<\/li>\n<\/ol>\n<div style=\"clear: both;\">Etwas kompliziert, aber schlussendlich erfolgreich \ud83d\ude09<\/div>\n<p><a href=\"https:\/\/www.frankbauer.net\/blog\/wp-content\/uploads\/20120823_Surly-Long-Haul-Trucker_Mein-Reiserad_099.jpg\"><img loading=\"lazy\" decoding=\"async\" class=\"alignnone size-large wp-image-4117\" title=\"20120823_Surly-Long-Haul-Trucker_Mein-Reiserad_099\" src=\"https:\/\/www.frankbauer.net\/blog\/wp-content\/uploads\/20120823_Surly-Long-Haul-Trucker_Mein-Reiserad_099-640x480.jpg\" alt=\"\" width=\"640\" height=\"480\" srcset=\"https:\/\/www.frankbauer.net\/blog\/wp-content\/uploads\/20120823_Surly-Long-Haul-Trucker_Mein-Reiserad_099-640x480.jpg 640w, https:\/\/www.frankbauer.net\/blog\/wp-content\/uploads\/20120823_Surly-Long-Haul-Trucker_Mein-Reiserad_099-304x228.jpg 304w\" sizes=\"auto, (max-width: 640px) 100vw, 640px\" \/><\/a><\/p>\n<p>Zum Schlu\u00df musste ich noch den Stecker montieren, das war dann aber nur noch eine Kleinigkeit.<\/p>\n<p><a href=\"https:\/\/www.frankbauer.net\/blog\/wp-content\/uploads\/20120823_Surly-Long-Haul-Trucker_Mein-Reiserad_101.jpg\"><img loading=\"lazy\" decoding=\"async\" class=\"alignnone size-large wp-image-4115\" title=\"20120823_Surly-Long-Haul-Trucker_Mein-Reiserad_101\" src=\"https:\/\/www.frankbauer.net\/blog\/wp-content\/uploads\/20120823_Surly-Long-Haul-Trucker_Mein-Reiserad_101-640x480.jpg\" alt=\"\" width=\"640\" height=\"480\" srcset=\"https:\/\/www.frankbauer.net\/blog\/wp-content\/uploads\/20120823_Surly-Long-Haul-Trucker_Mein-Reiserad_101-640x480.jpg 640w, https:\/\/www.frankbauer.net\/blog\/wp-content\/uploads\/20120823_Surly-Long-Haul-Trucker_Mein-Reiserad_101-304x228.jpg 304w\" sizes=\"auto, (max-width: 640px) 100vw, 640px\" \/><\/a><\/p>\n<p>Verblieb nur noch die K\u00fcrzung des Gabelschafts:<\/p>\n<p><a href=\"https:\/\/www.frankbauer.net\/blog\/wp-content\/uploads\/20120823_Surly-Long-Haul-Trucker_Mein-Reiserad_097.jpg\"><img loading=\"lazy\" decoding=\"async\" class=\"alignnone size-large wp-image-4119\" title=\"20120823_Surly-Long-Haul-Trucker_Mein-Reiserad_097\" src=\"https:\/\/www.frankbauer.net\/blog\/wp-content\/uploads\/20120823_Surly-Long-Haul-Trucker_Mein-Reiserad_097-640x480.jpg\" alt=\"\" width=\"640\" height=\"480\" srcset=\"https:\/\/www.frankbauer.net\/blog\/wp-content\/uploads\/20120823_Surly-Long-Haul-Trucker_Mein-Reiserad_097-640x480.jpg 640w, https:\/\/www.frankbauer.net\/blog\/wp-content\/uploads\/20120823_Surly-Long-Haul-Trucker_Mein-Reiserad_097-304x228.jpg 304w\" sizes=\"auto, (max-width: 640px) 100vw, 640px\" \/><\/a><\/p>\n<p>Auch hierf\u00fcr hatte ich das Werkzeug leider nicht, sodass ich diesen Schritt vom Fahrradladen um die Ecke erledigen liess.<\/p>\n<p>Hier das Endergebnis:<br \/>\n<a href=\"https:\/\/www.frankbauer.net\/blog\/wp-content\/uploads\/20120828_Surly-Long-Haul-Trucker_Final-Build.jpg\"><img loading=\"lazy\" decoding=\"async\" class=\"alignnone size-large wp-image-4277\" title=\"20120828_Surly-Long-Haul-Trucker_Final-Build\" src=\"https:\/\/www.frankbauer.net\/blog\/wp-content\/uploads\/20120828_Surly-Long-Haul-Trucker_Final-Build-640x480.jpg\" alt=\"\" width=\"640\" height=\"480\" srcset=\"https:\/\/www.frankbauer.net\/blog\/wp-content\/uploads\/20120828_Surly-Long-Haul-Trucker_Final-Build-640x480.jpg 640w, https:\/\/www.frankbauer.net\/blog\/wp-content\/uploads\/20120828_Surly-Long-Haul-Trucker_Final-Build-304x228.jpg 304w\" sizes=\"auto, (max-width: 640px) 100vw, 640px\" \/><\/a><\/p>\n<p><a title=\"Mein Reiserad\" href=\"https:\/\/www.frankbauer.net\/blog\/2012\/08\/28\/mein-reiserad\/\" target=\"_blank\">Die Auflistung aller Einzelteile in einem separaten Post.<\/a><\/p>\n","protected":false},"excerpt":{"rendered":"<p>Zum schnellen Radfahren eignet sich mein Triathlonrad ideal. F\u00fcr gem\u00fctliche Ausfahrten mit Familie, Freunden und Babyanh\u00e4nger ist es aber eher nicht geeignet. Mein Mountainbike hat sich daf\u00fcr ebenfalls als nicht geeignet herausgestellt (fehlende Montagem\u00f6glichkeit f\u00fcr Gep\u00e4cktr\u00e4ger, Schutzbleche, Beleuchtung, etc.), sodass &hellip; <a href=\"https:\/\/www.frankbauer.net\/blog\/2012\/08\/28\/aufbau-eines-reiserads-surly-long-haul-trucker\/\">Continue reading <span class=\"meta-nav\">&rarr;<\/span><\/a><\/p>\n","protected":false},"author":1,"featured_media":0,"comment_status":"open","ping_status":"open","sticky":false,"template":"","format":"standard","meta":{"ngg_post_thumbnail":0,"footnotes":""},"categories":[30,42],"tags":[],"class_list":["post-4216","post","type-post","status-publish","format-standard","hentry","category-cycling","category-sports"],"jetpack_featured_media_url":"","_links":{"self":[{"href":"https:\/\/www.frankbauer.net\/blog\/wp-json\/wp\/v2\/posts\/4216","targetHints":{"allow":["GET"]}}],"collection":[{"href":"https:\/\/www.frankbauer.net\/blog\/wp-json\/wp\/v2\/posts"}],"about":[{"href":"https:\/\/www.frankbauer.net\/blog\/wp-json\/wp\/v2\/types\/post"}],"author":[{"embeddable":true,"href":"https:\/\/www.frankbauer.net\/blog\/wp-json\/wp\/v2\/users\/1"}],"replies":[{"embeddable":true,"href":"https:\/\/www.frankbauer.net\/blog\/wp-json\/wp\/v2\/comments?post=4216"}],"version-history":[{"count":7,"href":"https:\/\/www.frankbauer.net\/blog\/wp-json\/wp\/v2\/posts\/4216\/revisions"}],"predecessor-version":[{"id":4271,"href":"https:\/\/www.frankbauer.net\/blog\/wp-json\/wp\/v2\/posts\/4216\/revisions\/4271"}],"wp:attachment":[{"href":"https:\/\/www.frankbauer.net\/blog\/wp-json\/wp\/v2\/media?parent=4216"}],"wp:term":[{"taxonomy":"category","embeddable":true,"href":"https:\/\/www.frankbauer.net\/blog\/wp-json\/wp\/v2\/categories?post=4216"},{"taxonomy":"post_tag","embeddable":true,"href":"https:\/\/www.frankbauer.net\/blog\/wp-json\/wp\/v2\/tags?post=4216"}],"curies":[{"name":"wp","href":"https:\/\/api.w.org\/{rel}","templated":true}]}}